{"id":11959,"date":"2020-10-15T13:48:55","date_gmt":"2020-10-15T12:48:55","guid":{"rendered":"http:\/\/www.wellouej.com\/blog\/?p=11959"},"modified":"2020-10-28T09:45:36","modified_gmt":"2020-10-28T08:45:36","slug":"salle-des-fetes-a-avelin","status":"publish","type":"post","link":"https:\/\/www.wellouej.com\/blog\/salle-des-fetes-a-avelin\/","title":{"rendered":"Salle des f\u00eates \u00e0 Avelin le 17 octobre 2020"},"content":{"rendered":"<p><a href=\"https:\/\/www.wellouej.com\/blog\/wp-content\/uploads\/2020\/10\/JeuxduMonde-Avelin.jpg\" target=\"_blank\" rel=\"noopener noreferrer\"><img fetchpriority=\"high\" decoding=\"async\" class=\"alignleft wp-image-11960 size-medium\" src=\"https:\/\/www.wellouej.com\/blog\/wp-content\/uploads\/2020\/10\/JeuxduMonde-Avelin-217x300.jpg\" alt=\"Salle des f\u00eates \u00e0 Avelin\" width=\"217\" height=\"300\" srcset=\"https:\/\/www.wellouej.com\/blog\/wp-content\/uploads\/2020\/10\/JeuxduMonde-Avelin-217x300.jpg 217w, https:\/\/www.wellouej.com\/blog\/wp-content\/uploads\/2020\/10\/JeuxduMonde-Avelin.jpg 410w\" sizes=\"(max-width: 217px) 100vw, 217px\" \/><\/a>Salle des f\u00eates \u00e0 Avelin, Ce samedi 17 octobre 2020, une s\u00e9ance de d\u00e9couverte des <a href=\"https:\/\/www.wellouej.com\/blog\/animations-jeux-anciens-bois\/animation-jeux-du-monde\" target=\"_blank\" rel=\"noopener noreferrer\"><strong>jeux du monde<\/strong><\/a> est propos\u00e9 avec le soutien de la Communaut\u00e9 de Communes du P\u00e9v\u00e8le Carembault et de la Mairie d&rsquo;Avelin.<\/p>\n<p>Un protocole sanitaire sera mis en place ; Masque obligatoire pour les plus de 11 ans.<\/p>\n<p>Inscription et renseignement : par t\u00e9l\u00e9phone au 03 20 62 01 09 ou par mail : ilot.media@mairie-avelin.fr<\/p>\n<p>Vous pouvez retrouvez d&rsquo;autres \u00e9v\u00e8nements sur le site internet : <a href=\"https:\/\/mediatheques.pevelecarembault.fr\" target=\"_blank\" rel=\"noopener noreferrer\">mediatheque.pevelecarembault.fr<\/a><\/p>\n<h2>Retour sur images :<\/h2>\n<p><a href=\"https:\/\/www.wellouej.com\/blog\/wp-content\/uploads\/2020\/10\/jeux-du-monde-avelin.jpg\" target=\"_blank\" rel=\"noopener noreferrer\"><img decoding=\"async\" class=\"aligncenter wp-image-11968 size-full\" src=\"https:\/\/www.wellouej.com\/blog\/wp-content\/uploads\/2020\/10\/jeux-du-monde-avelin.jpg\" alt=\"jeux-du-monde-avelin\" width=\"1937\" height=\"1417\" srcset=\"https:\/\/www.wellouej.com\/blog\/wp-content\/uploads\/2020\/10\/jeux-du-monde-avelin.jpg 1937w, https:\/\/www.wellouej.com\/blog\/wp-content\/uploads\/2020\/10\/jeux-du-monde-avelin-300x219.jpg 300w, https:\/\/www.wellouej.com\/blog\/wp-content\/uploads\/2020\/10\/jeux-du-monde-avelin-1024x749.jpg 1024w, https:\/\/www.wellouej.com\/blog\/wp-content\/uploads\/2020\/10\/jeux-du-monde-avelin-768x562.jpg 768w, https:\/\/www.wellouej.com\/blog\/wp-content\/uploads\/2020\/10\/jeux-du-monde-avelin-600x439.jpg 600w, https:\/\/www.wellouej.com\/blog\/wp-content\/uploads\/2020\/10\/jeux-du-monde-avelin-1536x1124.jpg 1536w, https:\/\/www.wellouej.com\/blog\/wp-content\/uploads\/2020\/10\/jeux-du-monde-avelin-1080x790.jpg 1080w, https:\/\/www.wellouej.com\/blog\/wp-content\/uploads\/2020\/10\/jeux-du-monde-avelin-410x300.jpg 410w\" sizes=\"(max-width: 767px) 89vw, (max-width: 1000px) 54vw, (max-width: 1071px) 543px, 580px\" \/><\/a>Cr\u00e9dits photos : Communaut\u00e9 de Communes du P\u00e9v\u00e8le Carembault.<\/p>\n<p>&nbsp;<\/p>\n","protected":false},"excerpt":{"rendered":"<p>Salle des f\u00eates \u00e0 Avelin, Ce samedi 17 octobre 2020, une s\u00e9ance de d\u00e9couverte des jeux du monde est propos\u00e9 avec le soutien de la Communaut\u00e9 de Communes du P\u00e9v\u00e8le Carembault et de la Mairie d&rsquo;Avelin. Un protocole sanitaire sera mis en place ; Masque obligatoire pour les plus de 11 ans. Inscription et renseignement &hellip; <\/p>\n<p class=\"link-more\"><a href=\"https:\/\/www.wellouej.com\/blog\/salle-des-fetes-a-avelin\/\" class=\"more-link\">Continuer la lecture<span class=\"screen-reader-text\"> de &laquo;&nbsp;Salle des f\u00eates \u00e0 Avelin le 17 octobre 2020&nbsp;&raquo;<\/span><\/a><\/p>\n","protected":false},"author":4,"featured_media":0,"comment_status":"open","ping_status":"open","sticky":false,"template":"","format":"standard","meta":{"footnotes":""},"categories":[4],"tags":[260],"class_list":["post-11959","post","type-post","status-publish","format-standard","hentry","category-animations","tag-jeux-du-monde"],"yoast_head":"<!-- This site is optimized with the Yoast SEO plugin v27.4 - https:\/\/yoast.com\/product\/yoast-seo-wordpress\/ -->\n<title>Salle des f\u00eates \u00e0 Avelin le 17 octobre 2020 - Association Wellou\u00ebj<\/title>\n<meta name=\"description\" content=\"Ce samedi 17 octobre \u00e0 la salle des f\u00eates \u00e0 Avelin, une s\u00e9ance de d\u00e9couverte des jeux du monde est propos\u00e9 avec le soutien de la Communaut\u00e9\" \/>\n<meta name=\"robots\" content=\"index, follow, max-snippet:-1, max-image-preview:large, max-video-preview:-1\" \/>\n<link rel=\"canonical\" href=\"https:\/\/www.wellouej.com\/blog\/salle-des-fetes-a-avelin\/\" \/>\n<meta property=\"og:locale\" content=\"fr_FR\" \/>\n<meta property=\"og:type\" content=\"article\" \/>\n<meta property=\"og:title\" content=\"Salle des f\u00eates \u00e0 Avelin le 17 octobre 2020 - Association Wellou\u00ebj\" \/>\n<meta property=\"og:description\" content=\"Ce samedi 17 octobre \u00e0 la salle des f\u00eates \u00e0 Avelin, une s\u00e9ance de d\u00e9couverte des jeux du monde est propos\u00e9 avec le soutien de la Communaut\u00e9\" \/>\n<meta property=\"og:url\" content=\"https:\/\/www.wellouej.com\/blog\/salle-des-fetes-a-avelin\/\" \/>\n<meta property=\"og:site_name\" content=\"Association Wellou\u00ebj\" \/>\n<meta property=\"article:published_time\" content=\"2020-10-15T12:48:55+00:00\" \/>\n<meta property=\"article:modified_time\" content=\"2020-10-28T08:45:36+00:00\" \/>\n<meta property=\"og:image\" content=\"http:\/\/www.wellouej.com\/blog\/wp-content\/uploads\/2020\/10\/JeuxduMonde-Avelin-217x300.jpg\" \/>\n<meta name=\"author\" content=\"Association Wellou\u00ebj\" \/>\n<meta name=\"twitter:card\" content=\"summary_large_image\" \/>\n<meta name=\"twitter:label1\" content=\"\u00c9crit par\" \/>\n\t<meta name=\"twitter:data1\" content=\"Association Wellou\u00ebj\" \/>\n<script type=\"application\/ld+json\" class=\"yoast-schema-graph\">{\"@context\":\"https:\\\/\\\/schema.org\",\"@graph\":[{\"@type\":\"Article\",\"@id\":\"https:\\\/\\\/www.wellouej.com\\\/blog\\\/salle-des-fetes-a-avelin\\\/#article\",\"isPartOf\":{\"@id\":\"https:\\\/\\\/www.wellouej.com\\\/blog\\\/salle-des-fetes-a-avelin\\\/\"},\"author\":{\"name\":\"Association Wellou\u00ebj\",\"@id\":\"https:\\\/\\\/www.wellouej.com\\\/blog\\\/#\\\/schema\\\/person\\\/36f74501f45110026733635348eea9ac\"},\"headline\":\"Salle des f\u00eates \u00e0 Avelin le 17 octobre 2020\",\"datePublished\":\"2020-10-15T12:48:55+00:00\",\"dateModified\":\"2020-10-28T08:45:36+00:00\",\"mainEntityOfPage\":{\"@id\":\"https:\\\/\\\/www.wellouej.com\\\/blog\\\/salle-des-fetes-a-avelin\\\/\"},\"wordCount\":104,\"commentCount\":0,\"image\":{\"@id\":\"https:\\\/\\\/www.wellouej.com\\\/blog\\\/salle-des-fetes-a-avelin\\\/#primaryimage\"},\"thumbnailUrl\":\"http:\\\/\\\/www.wellouej.com\\\/blog\\\/wp-content\\\/uploads\\\/2020\\\/10\\\/JeuxduMonde-Avelin-217x300.jpg\",\"keywords\":[\"jeux du monde\"],\"articleSection\":[\"Animations\"],\"inLanguage\":\"fr-FR\",\"potentialAction\":[{\"@type\":\"CommentAction\",\"name\":\"Comment\",\"target\":[\"https:\\\/\\\/www.wellouej.com\\\/blog\\\/salle-des-fetes-a-avelin\\\/#respond\"]}]},{\"@type\":\"WebPage\",\"@id\":\"https:\\\/\\\/www.wellouej.com\\\/blog\\\/salle-des-fetes-a-avelin\\\/\",\"url\":\"https:\\\/\\\/www.wellouej.com\\\/blog\\\/salle-des-fetes-a-avelin\\\/\",\"name\":\"Salle des f\u00eates \u00e0 Avelin le 17 octobre 2020 - Association Wellou\u00ebj\",\"isPartOf\":{\"@id\":\"https:\\\/\\\/www.wellouej.com\\\/blog\\\/#website\"},\"primaryImageOfPage\":{\"@id\":\"https:\\\/\\\/www.wellouej.com\\\/blog\\\/salle-des-fetes-a-avelin\\\/#primaryimage\"},\"image\":{\"@id\":\"https:\\\/\\\/www.wellouej.com\\\/blog\\\/salle-des-fetes-a-avelin\\\/#primaryimage\"},\"thumbnailUrl\":\"http:\\\/\\\/www.wellouej.com\\\/blog\\\/wp-content\\\/uploads\\\/2020\\\/10\\\/JeuxduMonde-Avelin-217x300.jpg\",\"datePublished\":\"2020-10-15T12:48:55+00:00\",\"dateModified\":\"2020-10-28T08:45:36+00:00\",\"author\":{\"@id\":\"https:\\\/\\\/www.wellouej.com\\\/blog\\\/#\\\/schema\\\/person\\\/36f74501f45110026733635348eea9ac\"},\"description\":\"Ce samedi 17 octobre \u00e0 la salle des f\u00eates \u00e0 Avelin, une s\u00e9ance de d\u00e9couverte des jeux du monde est propos\u00e9 avec le soutien de la Communaut\u00e9\",\"inLanguage\":\"fr-FR\",\"potentialAction\":[{\"@type\":\"ReadAction\",\"target\":[\"https:\\\/\\\/www.wellouej.com\\\/blog\\\/salle-des-fetes-a-avelin\\\/\"]}]},{\"@type\":\"ImageObject\",\"inLanguage\":\"fr-FR\",\"@id\":\"https:\\\/\\\/www.wellouej.com\\\/blog\\\/salle-des-fetes-a-avelin\\\/#primaryimage\",\"url\":\"http:\\\/\\\/www.wellouej.com\\\/blog\\\/wp-content\\\/uploads\\\/2020\\\/10\\\/JeuxduMonde-Avelin-217x300.jpg\",\"contentUrl\":\"http:\\\/\\\/www.wellouej.com\\\/blog\\\/wp-content\\\/uploads\\\/2020\\\/10\\\/JeuxduMonde-Avelin-217x300.jpg\"},{\"@type\":\"WebSite\",\"@id\":\"https:\\\/\\\/www.wellouej.com\\\/blog\\\/#website\",\"url\":\"https:\\\/\\\/www.wellouej.com\\\/blog\\\/\",\"name\":\"Association Wellou\u00ebj\",\"description\":\"Location de jeux traditionnels en bois, jeux anciens, et jeux du monde \u00e0 Lille\",\"potentialAction\":[{\"@type\":\"SearchAction\",\"target\":{\"@type\":\"EntryPoint\",\"urlTemplate\":\"https:\\\/\\\/www.wellouej.com\\\/blog\\\/?s={search_term_string}\"},\"query-input\":{\"@type\":\"PropertyValueSpecification\",\"valueRequired\":true,\"valueName\":\"search_term_string\"}}],\"inLanguage\":\"fr-FR\"},{\"@type\":\"Person\",\"@id\":\"https:\\\/\\\/www.wellouej.com\\\/blog\\\/#\\\/schema\\\/person\\\/36f74501f45110026733635348eea9ac\",\"name\":\"Association Wellou\u00ebj\",\"image\":{\"@type\":\"ImageObject\",\"inLanguage\":\"fr-FR\",\"@id\":\"https:\\\/\\\/secure.gravatar.com\\\/avatar\\\/32b04dc033ef892452c3bca30cffa407b2b847bd8eafac9b3544de1eae36441c?s=96&d=mm&r=g\",\"url\":\"https:\\\/\\\/secure.gravatar.com\\\/avatar\\\/32b04dc033ef892452c3bca30cffa407b2b847bd8eafac9b3544de1eae36441c?s=96&d=mm&r=g\",\"contentUrl\":\"https:\\\/\\\/secure.gravatar.com\\\/avatar\\\/32b04dc033ef892452c3bca30cffa407b2b847bd8eafac9b3544de1eae36441c?s=96&d=mm&r=g\",\"caption\":\"Association Wellou\u00ebj\"},\"sameAs\":[\"http:\\\/\\\/www.wellouej.com\"]}]}<\/script>\n<!-- \/ Yoast SEO plugin. -->","yoast_head_json":{"title":"Salle des f\u00eates \u00e0 Avelin le 17 octobre 2020 - Association Wellou\u00ebj","description":"Ce samedi 17 octobre \u00e0 la salle des f\u00eates \u00e0 Avelin, une s\u00e9ance de d\u00e9couverte des jeux du monde est propos\u00e9 avec le soutien de la Communaut\u00e9","robots":{"index":"index","follow":"follow","max-snippet":"max-snippet:-1","max-image-preview":"max-image-preview:large","max-video-preview":"max-video-preview:-1"},"canonical":"https:\/\/www.wellouej.com\/blog\/salle-des-fetes-a-avelin\/","og_locale":"fr_FR","og_type":"article","og_title":"Salle des f\u00eates \u00e0 Avelin le 17 octobre 2020 - Association Wellou\u00ebj","og_description":"Ce samedi 17 octobre \u00e0 la salle des f\u00eates \u00e0 Avelin, une s\u00e9ance de d\u00e9couverte des jeux du monde est propos\u00e9 avec le soutien de la Communaut\u00e9","og_url":"https:\/\/www.wellouej.com\/blog\/salle-des-fetes-a-avelin\/","og_site_name":"Association Wellou\u00ebj","article_published_time":"2020-10-15T12:48:55+00:00","article_modified_time":"2020-10-28T08:45:36+00:00","og_image":[{"url":"http:\/\/www.wellouej.com\/blog\/wp-content\/uploads\/2020\/10\/JeuxduMonde-Avelin-217x300.jpg","type":"","width":"","height":""}],"author":"Association Wellou\u00ebj","twitter_card":"summary_large_image","twitter_misc":{"\u00c9crit par":"Association Wellou\u00ebj"},"schema":{"@context":"https:\/\/schema.org","@graph":[{"@type":"Article","@id":"https:\/\/www.wellouej.com\/blog\/salle-des-fetes-a-avelin\/#article","isPartOf":{"@id":"https:\/\/www.wellouej.com\/blog\/salle-des-fetes-a-avelin\/"},"author":{"name":"Association Wellou\u00ebj","@id":"https:\/\/www.wellouej.com\/blog\/#\/schema\/person\/36f74501f45110026733635348eea9ac"},"headline":"Salle des f\u00eates \u00e0 Avelin le 17 octobre 2020","datePublished":"2020-10-15T12:48:55+00:00","dateModified":"2020-10-28T08:45:36+00:00","mainEntityOfPage":{"@id":"https:\/\/www.wellouej.com\/blog\/salle-des-fetes-a-avelin\/"},"wordCount":104,"commentCount":0,"image":{"@id":"https:\/\/www.wellouej.com\/blog\/salle-des-fetes-a-avelin\/#primaryimage"},"thumbnailUrl":"http:\/\/www.wellouej.com\/blog\/wp-content\/uploads\/2020\/10\/JeuxduMonde-Avelin-217x300.jpg","keywords":["jeux du monde"],"articleSection":["Animations"],"inLanguage":"fr-FR","potentialAction":[{"@type":"CommentAction","name":"Comment","target":["https:\/\/www.wellouej.com\/blog\/salle-des-fetes-a-avelin\/#respond"]}]},{"@type":"WebPage","@id":"https:\/\/www.wellouej.com\/blog\/salle-des-fetes-a-avelin\/","url":"https:\/\/www.wellouej.com\/blog\/salle-des-fetes-a-avelin\/","name":"Salle des f\u00eates \u00e0 Avelin le 17 octobre 2020 - Association Wellou\u00ebj","isPartOf":{"@id":"https:\/\/www.wellouej.com\/blog\/#website"},"primaryImageOfPage":{"@id":"https:\/\/www.wellouej.com\/blog\/salle-des-fetes-a-avelin\/#primaryimage"},"image":{"@id":"https:\/\/www.wellouej.com\/blog\/salle-des-fetes-a-avelin\/#primaryimage"},"thumbnailUrl":"http:\/\/www.wellouej.com\/blog\/wp-content\/uploads\/2020\/10\/JeuxduMonde-Avelin-217x300.jpg","datePublished":"2020-10-15T12:48:55+00:00","dateModified":"2020-10-28T08:45:36+00:00","author":{"@id":"https:\/\/www.wellouej.com\/blog\/#\/schema\/person\/36f74501f45110026733635348eea9ac"},"description":"Ce samedi 17 octobre \u00e0 la salle des f\u00eates \u00e0 Avelin, une s\u00e9ance de d\u00e9couverte des jeux du monde est propos\u00e9 avec le soutien de la Communaut\u00e9","inLanguage":"fr-FR","potentialAction":[{"@type":"ReadAction","target":["https:\/\/www.wellouej.com\/blog\/salle-des-fetes-a-avelin\/"]}]},{"@type":"ImageObject","inLanguage":"fr-FR","@id":"https:\/\/www.wellouej.com\/blog\/salle-des-fetes-a-avelin\/#primaryimage","url":"http:\/\/www.wellouej.com\/blog\/wp-content\/uploads\/2020\/10\/JeuxduMonde-Avelin-217x300.jpg","contentUrl":"http:\/\/www.wellouej.com\/blog\/wp-content\/uploads\/2020\/10\/JeuxduMonde-Avelin-217x300.jpg"},{"@type":"WebSite","@id":"https:\/\/www.wellouej.com\/blog\/#website","url":"https:\/\/www.wellouej.com\/blog\/","name":"Association Wellou\u00ebj","description":"Location de jeux traditionnels en bois, jeux anciens, et jeux du monde \u00e0 Lille","potentialAction":[{"@type":"SearchAction","target":{"@type":"EntryPoint","urlTemplate":"https:\/\/www.wellouej.com\/blog\/?s={search_term_string}"},"query-input":{"@type":"PropertyValueSpecification","valueRequired":true,"valueName":"search_term_string"}}],"inLanguage":"fr-FR"},{"@type":"Person","@id":"https:\/\/www.wellouej.com\/blog\/#\/schema\/person\/36f74501f45110026733635348eea9ac","name":"Association Wellou\u00ebj","image":{"@type":"ImageObject","inLanguage":"fr-FR","@id":"https:\/\/secure.gravatar.com\/avatar\/32b04dc033ef892452c3bca30cffa407b2b847bd8eafac9b3544de1eae36441c?s=96&d=mm&r=g","url":"https:\/\/secure.gravatar.com\/avatar\/32b04dc033ef892452c3bca30cffa407b2b847bd8eafac9b3544de1eae36441c?s=96&d=mm&r=g","contentUrl":"https:\/\/secure.gravatar.com\/avatar\/32b04dc033ef892452c3bca30cffa407b2b847bd8eafac9b3544de1eae36441c?s=96&d=mm&r=g","caption":"Association Wellou\u00ebj"},"sameAs":["http:\/\/www.wellouej.com"]}]}},"_links":{"self":[{"href":"https:\/\/www.wellouej.com\/blog\/wp-json\/wp\/v2\/posts\/11959","targetHints":{"allow":["GET"]}}],"collection":[{"href":"https:\/\/www.wellouej.com\/blog\/wp-json\/wp\/v2\/posts"}],"about":[{"href":"https:\/\/www.wellouej.com\/blog\/wp-json\/wp\/v2\/types\/post"}],"author":[{"embeddable":true,"href":"https:\/\/www.wellouej.com\/blog\/wp-json\/wp\/v2\/users\/4"}],"replies":[{"embeddable":true,"href":"https:\/\/www.wellouej.com\/blog\/wp-json\/wp\/v2\/comments?post=11959"}],"version-history":[{"count":0,"href":"https:\/\/www.wellouej.com\/blog\/wp-json\/wp\/v2\/posts\/11959\/revisions"}],"wp:attachment":[{"href":"https:\/\/www.wellouej.com\/blog\/wp-json\/wp\/v2\/media?parent=11959"}],"wp:term":[{"taxonomy":"category","embeddable":true,"href":"https:\/\/www.wellouej.com\/blog\/wp-json\/wp\/v2\/categories?post=11959"},{"taxonomy":"post_tag","embeddable":true,"href":"https:\/\/www.wellouej.com\/blog\/wp-json\/wp\/v2\/tags?post=11959"}],"curies":[{"name":"wp","href":"https:\/\/api.w.org\/{rel}","templated":true}]}}