{"id":12471,"date":"2021-10-08T16:12:31","date_gmt":"2021-10-08T15:12:31","guid":{"rendered":"http:\/\/www.wellouej.com\/blog\/?p=12471"},"modified":"2021-10-08T16:12:31","modified_gmt":"2021-10-08T15:12:31","slug":"inauguration-de-notre-nouveau-local-samedi-9-octobre","status":"publish","type":"post","link":"https:\/\/www.wellouej.com\/blog\/inauguration-de-notre-nouveau-local-samedi-9-octobre\/","title":{"rendered":"Inauguration de notre nouveau local &#8211; samedi 9 octobre"},"content":{"rendered":"<p><a href=\"https:\/\/www.wellouej.com\/blog\/wp-content\/uploads\/2021\/10\/portesouvertesn6.jpg\"><img fetchpriority=\"high\" decoding=\"async\" class=\"aligncenter size-large wp-image-12473\" src=\"https:\/\/www.wellouej.com\/blog\/wp-content\/uploads\/2021\/10\/portesouvertesn6-1024x596.jpg\" alt=\"Inauguration de notre nouveau local\" width=\"584\" height=\"340\" srcset=\"https:\/\/www.wellouej.com\/blog\/wp-content\/uploads\/2021\/10\/portesouvertesn6-1024x596.jpg 1024w, https:\/\/www.wellouej.com\/blog\/wp-content\/uploads\/2021\/10\/portesouvertesn6-300x175.jpg 300w, https:\/\/www.wellouej.com\/blog\/wp-content\/uploads\/2021\/10\/portesouvertesn6-768x447.jpg 768w, https:\/\/www.wellouej.com\/blog\/wp-content\/uploads\/2021\/10\/portesouvertesn6-600x349.jpg 600w, https:\/\/www.wellouej.com\/blog\/wp-content\/uploads\/2021\/10\/portesouvertesn6-1536x893.jpg 1536w, https:\/\/www.wellouej.com\/blog\/wp-content\/uploads\/2021\/10\/portesouvertesn6-1080x628.jpg 1080w, https:\/\/www.wellouej.com\/blog\/wp-content\/uploads\/2021\/10\/portesouvertesn6-500x291.jpg 500w, https:\/\/www.wellouej.com\/blog\/wp-content\/uploads\/2021\/10\/portesouvertesn6.jpg 1800w\" sizes=\"(max-width: 584px) 100vw, 584px\" \/><\/a><\/p>\n<p><strong>Inauguration<\/strong> de notre nouveau local \u00ab\u00a0num\u00e9ro 6\u00a0\u00bb ce samedi de 10h00 \u00e0 18h00.<\/p>\n<p>Au revoir le 51 rue colbert \u00e0 Wazemmes o\u00f9 nous y sommes rest\u00e9s plus de 20 ans.<\/p>\n<p>Nous sommes tous invit\u00e9s \u00e0 venir jouer et d\u00e9couvrir ce nouvel \u00e9quipement en P\u00e9v\u00e8le Carembault ; <strong>ludoth\u00e8que<\/strong>, <strong>maison des jeux<\/strong>, <strong>centre de ressources ludiques<\/strong>&#8230; le num\u00e9ro 6 est tout cela \u00e0 la fois, install\u00e9 juste avant la pand\u00e9mie en janvier 2020, nous partageons ce lieu avec l&rsquo;association \u00ab\u00a0<a href=\"https:\/\/www.onfaitunjeu.fr\" target=\"_blank\" rel=\"noopener noreferrer\">On fait un jeu ?!<\/a>\u00a0\u00bb compl\u00e9mentaire \u00e0 l&rsquo;association Wellouej qui comme nous, utilisons le jeu comme un outil au service des diff\u00e9rents projets.<\/p>\n<p>l&rsquo;Inauguration de notre nouveau local c&rsquo;est au\u00a0: 6, rue de la cens\u00e9 des raisnes &#8211; Z.A. du Moulin &#8211; 59710 Ennevelin : <a href=\"https:\/\/www.google.com\/maps\/place\/Association+Wellou\u00ebj\/@50.5404711,3.1189365,15z\/data=!4m5!3m4!1s0x0:0x95ecdd2b9fd1ab55!8m2!3d50.5404711!4d3.1189365\" target=\"_blank\" rel=\"noopener noreferrer\">plan<\/a><\/p>\n<p>gratuit pour les 0-110 ans<\/p>\n","protected":false},"excerpt":{"rendered":"<p>Inauguration de notre nouveau local \u00ab\u00a0num\u00e9ro 6\u00a0\u00bb ce samedi de 10h00 \u00e0 18h00. Au revoir le 51 rue colbert \u00e0 Wazemmes o\u00f9 nous y sommes rest\u00e9s plus de 20 ans. Nous sommes tous invit\u00e9s \u00e0 venir jouer et d\u00e9couvrir ce nouvel \u00e9quipement en P\u00e9v\u00e8le Carembault ; ludoth\u00e8que, maison des jeux, centre de ressources ludiques&#8230; le &hellip; <\/p>\n<p class=\"link-more\"><a href=\"https:\/\/www.wellouej.com\/blog\/inauguration-de-notre-nouveau-local-samedi-9-octobre\/\" class=\"more-link\">Continuer la lecture<span class=\"screen-reader-text\"> de &laquo;&nbsp;Inauguration de notre nouveau local &#8211; samedi 9 octobre&nbsp;&raquo;<\/span><\/a><\/p>\n","protected":false},"author":4,"featured_media":12473,"comment_status":"open","ping_status":"open","sticky":false,"template":"","format":"standard","meta":{"footnotes":""},"categories":[52],"tags":[439,436,437,438],"class_list":["post-12471","post","type-post","status-publish","format-standard","has-post-thumbnail","hentry","category-divers","tag-centre-de-ressources-ludiques","tag-inauguration","tag-ludotheque","tag-maison-des-jeux"],"yoast_head":"<!-- This site is optimized with the Yoast SEO plugin v27.5 - https:\/\/yoast.com\/product\/yoast-seo-wordpress\/ -->\n<title>Inauguration de notre nouveau local - samedi 9 octobre - Association Wellou\u00ebj<\/title>\n<meta name=\"description\" content=\"Inauguration de notre nouveau local &quot;num\u00e9ro 6&quot; ce samedi de 10h00 \u00e0 18h00.Nous sommes tous invit\u00e9s \u00e0 venir jouer et d\u00e9couvrir ce nouvel ...\" \/>\n<meta name=\"robots\" content=\"index, follow, max-snippet:-1, max-image-preview:large, max-video-preview:-1\" \/>\n<link rel=\"canonical\" href=\"https:\/\/www.wellouej.com\/blog\/inauguration-de-notre-nouveau-local-samedi-9-octobre\/\" \/>\n<meta property=\"og:locale\" content=\"fr_FR\" \/>\n<meta property=\"og:type\" content=\"article\" \/>\n<meta property=\"og:title\" content=\"Inauguration de notre nouveau local - samedi 9 octobre - Association Wellou\u00ebj\" \/>\n<meta property=\"og:description\" content=\"Inauguration de notre nouveau local &quot;num\u00e9ro 6&quot; ce samedi de 10h00 \u00e0 18h00.Nous sommes tous invit\u00e9s \u00e0 venir jouer et d\u00e9couvrir ce nouvel ...\" \/>\n<meta property=\"og:url\" content=\"https:\/\/www.wellouej.com\/blog\/inauguration-de-notre-nouveau-local-samedi-9-octobre\/\" \/>\n<meta property=\"og:site_name\" content=\"Association Wellou\u00ebj\" \/>\n<meta property=\"article:published_time\" content=\"2021-10-08T15:12:31+00:00\" \/>\n<meta property=\"og:image\" content=\"https:\/\/www.wellouej.com\/blog\/wp-content\/uploads\/2021\/10\/portesouvertesn6.jpg\" \/>\n\t<meta property=\"og:image:width\" content=\"1800\" \/>\n\t<meta property=\"og:image:height\" content=\"1047\" \/>\n\t<meta property=\"og:image:type\" content=\"image\/jpeg\" \/>\n<meta name=\"author\" content=\"Association Wellou\u00ebj\" \/>\n<meta name=\"twitter:card\" content=\"summary_large_image\" \/>\n<meta name=\"twitter:label1\" content=\"\u00c9crit par\" \/>\n\t<meta name=\"twitter:data1\" content=\"Association Wellou\u00ebj\" \/>\n\t<meta name=\"twitter:label2\" content=\"Dur\u00e9e de lecture estim\u00e9e\" \/>\n\t<meta name=\"twitter:data2\" content=\"1 minute\" \/>\n<script type=\"application\/ld+json\" class=\"yoast-schema-graph\">{\"@context\":\"https:\\\/\\\/schema.org\",\"@graph\":[{\"@type\":\"Article\",\"@id\":\"https:\\\/\\\/www.wellouej.com\\\/blog\\\/inauguration-de-notre-nouveau-local-samedi-9-octobre\\\/#article\",\"isPartOf\":{\"@id\":\"https:\\\/\\\/www.wellouej.com\\\/blog\\\/inauguration-de-notre-nouveau-local-samedi-9-octobre\\\/\"},\"author\":{\"name\":\"Association Wellou\u00ebj\",\"@id\":\"https:\\\/\\\/www.wellouej.com\\\/blog\\\/#\\\/schema\\\/person\\\/36f74501f45110026733635348eea9ac\"},\"headline\":\"Inauguration de notre nouveau local &#8211; samedi 9 octobre\",\"datePublished\":\"2021-10-08T15:12:31+00:00\",\"mainEntityOfPage\":{\"@id\":\"https:\\\/\\\/www.wellouej.com\\\/blog\\\/inauguration-de-notre-nouveau-local-samedi-9-octobre\\\/\"},\"wordCount\":137,\"commentCount\":0,\"image\":{\"@id\":\"https:\\\/\\\/www.wellouej.com\\\/blog\\\/inauguration-de-notre-nouveau-local-samedi-9-octobre\\\/#primaryimage\"},\"thumbnailUrl\":\"https:\\\/\\\/www.wellouej.com\\\/blog\\\/wp-content\\\/uploads\\\/2021\\\/10\\\/portesouvertesn6.jpg\",\"keywords\":[\"centre de ressources ludiques\",\"inauguration\",\"ludoth\u00e8que\",\"maison des jeux\"],\"articleSection\":[\"Divers\"],\"inLanguage\":\"fr-FR\",\"potentialAction\":[{\"@type\":\"CommentAction\",\"name\":\"Comment\",\"target\":[\"https:\\\/\\\/www.wellouej.com\\\/blog\\\/inauguration-de-notre-nouveau-local-samedi-9-octobre\\\/#respond\"]}]},{\"@type\":\"WebPage\",\"@id\":\"https:\\\/\\\/www.wellouej.com\\\/blog\\\/inauguration-de-notre-nouveau-local-samedi-9-octobre\\\/\",\"url\":\"https:\\\/\\\/www.wellouej.com\\\/blog\\\/inauguration-de-notre-nouveau-local-samedi-9-octobre\\\/\",\"name\":\"Inauguration de notre nouveau local - samedi 9 octobre - Association Wellou\u00ebj\",\"isPartOf\":{\"@id\":\"https:\\\/\\\/www.wellouej.com\\\/blog\\\/#website\"},\"primaryImageOfPage\":{\"@id\":\"https:\\\/\\\/www.wellouej.com\\\/blog\\\/inauguration-de-notre-nouveau-local-samedi-9-octobre\\\/#primaryimage\"},\"image\":{\"@id\":\"https:\\\/\\\/www.wellouej.com\\\/blog\\\/inauguration-de-notre-nouveau-local-samedi-9-octobre\\\/#primaryimage\"},\"thumbnailUrl\":\"https:\\\/\\\/www.wellouej.com\\\/blog\\\/wp-content\\\/uploads\\\/2021\\\/10\\\/portesouvertesn6.jpg\",\"datePublished\":\"2021-10-08T15:12:31+00:00\",\"author\":{\"@id\":\"https:\\\/\\\/www.wellouej.com\\\/blog\\\/#\\\/schema\\\/person\\\/36f74501f45110026733635348eea9ac\"},\"description\":\"Inauguration de notre nouveau local \\\"num\u00e9ro 6\\\" ce samedi de 10h00 \u00e0 18h00.Nous sommes tous invit\u00e9s \u00e0 venir jouer et d\u00e9couvrir ce nouvel ...\",\"inLanguage\":\"fr-FR\",\"potentialAction\":[{\"@type\":\"ReadAction\",\"target\":[\"https:\\\/\\\/www.wellouej.com\\\/blog\\\/inauguration-de-notre-nouveau-local-samedi-9-octobre\\\/\"]}]},{\"@type\":\"ImageObject\",\"inLanguage\":\"fr-FR\",\"@id\":\"https:\\\/\\\/www.wellouej.com\\\/blog\\\/inauguration-de-notre-nouveau-local-samedi-9-octobre\\\/#primaryimage\",\"url\":\"https:\\\/\\\/www.wellouej.com\\\/blog\\\/wp-content\\\/uploads\\\/2021\\\/10\\\/portesouvertesn6.jpg\",\"contentUrl\":\"https:\\\/\\\/www.wellouej.com\\\/blog\\\/wp-content\\\/uploads\\\/2021\\\/10\\\/portesouvertesn6.jpg\",\"width\":1800,\"height\":1047,\"caption\":\"Inauguration de notre nouveau local\"},{\"@type\":\"WebSite\",\"@id\":\"https:\\\/\\\/www.wellouej.com\\\/blog\\\/#website\",\"url\":\"https:\\\/\\\/www.wellouej.com\\\/blog\\\/\",\"name\":\"Association Wellou\u00ebj\",\"description\":\"Location de jeux traditionnels en bois, jeux anciens, et jeux du monde \u00e0 Lille\",\"potentialAction\":[{\"@type\":\"SearchAction\",\"target\":{\"@type\":\"EntryPoint\",\"urlTemplate\":\"https:\\\/\\\/www.wellouej.com\\\/blog\\\/?s={search_term_string}\"},\"query-input\":{\"@type\":\"PropertyValueSpecification\",\"valueRequired\":true,\"valueName\":\"search_term_string\"}}],\"inLanguage\":\"fr-FR\"},{\"@type\":\"Person\",\"@id\":\"https:\\\/\\\/www.wellouej.com\\\/blog\\\/#\\\/schema\\\/person\\\/36f74501f45110026733635348eea9ac\",\"name\":\"Association Wellou\u00ebj\",\"image\":{\"@type\":\"ImageObject\",\"inLanguage\":\"fr-FR\",\"@id\":\"https:\\\/\\\/secure.gravatar.com\\\/avatar\\\/32b04dc033ef892452c3bca30cffa407b2b847bd8eafac9b3544de1eae36441c?s=96&d=mm&r=g\",\"url\":\"https:\\\/\\\/secure.gravatar.com\\\/avatar\\\/32b04dc033ef892452c3bca30cffa407b2b847bd8eafac9b3544de1eae36441c?s=96&d=mm&r=g\",\"contentUrl\":\"https:\\\/\\\/secure.gravatar.com\\\/avatar\\\/32b04dc033ef892452c3bca30cffa407b2b847bd8eafac9b3544de1eae36441c?s=96&d=mm&r=g\",\"caption\":\"Association Wellou\u00ebj\"},\"sameAs\":[\"http:\\\/\\\/www.wellouej.com\"]}]}<\/script>\n<!-- \/ Yoast SEO plugin. -->","yoast_head_json":{"title":"Inauguration de notre nouveau local - samedi 9 octobre - Association Wellou\u00ebj","description":"Inauguration de notre nouveau local \"num\u00e9ro 6\" ce samedi de 10h00 \u00e0 18h00.Nous sommes tous invit\u00e9s \u00e0 venir jouer et d\u00e9couvrir ce nouvel ...","robots":{"index":"index","follow":"follow","max-snippet":"max-snippet:-1","max-image-preview":"max-image-preview:large","max-video-preview":"max-video-preview:-1"},"canonical":"https:\/\/www.wellouej.com\/blog\/inauguration-de-notre-nouveau-local-samedi-9-octobre\/","og_locale":"fr_FR","og_type":"article","og_title":"Inauguration de notre nouveau local - samedi 9 octobre - Association Wellou\u00ebj","og_description":"Inauguration de notre nouveau local \"num\u00e9ro 6\" ce samedi de 10h00 \u00e0 18h00.Nous sommes tous invit\u00e9s \u00e0 venir jouer et d\u00e9couvrir ce nouvel ...","og_url":"https:\/\/www.wellouej.com\/blog\/inauguration-de-notre-nouveau-local-samedi-9-octobre\/","og_site_name":"Association Wellou\u00ebj","article_published_time":"2021-10-08T15:12:31+00:00","og_image":[{"width":1800,"height":1047,"url":"https:\/\/www.wellouej.com\/blog\/wp-content\/uploads\/2021\/10\/portesouvertesn6.jpg","type":"image\/jpeg"}],"author":"Association Wellou\u00ebj","twitter_card":"summary_large_image","twitter_misc":{"\u00c9crit par":"Association Wellou\u00ebj","Dur\u00e9e de lecture estim\u00e9e":"1 minute"},"schema":{"@context":"https:\/\/schema.org","@graph":[{"@type":"Article","@id":"https:\/\/www.wellouej.com\/blog\/inauguration-de-notre-nouveau-local-samedi-9-octobre\/#article","isPartOf":{"@id":"https:\/\/www.wellouej.com\/blog\/inauguration-de-notre-nouveau-local-samedi-9-octobre\/"},"author":{"name":"Association Wellou\u00ebj","@id":"https:\/\/www.wellouej.com\/blog\/#\/schema\/person\/36f74501f45110026733635348eea9ac"},"headline":"Inauguration de notre nouveau local &#8211; samedi 9 octobre","datePublished":"2021-10-08T15:12:31+00:00","mainEntityOfPage":{"@id":"https:\/\/www.wellouej.com\/blog\/inauguration-de-notre-nouveau-local-samedi-9-octobre\/"},"wordCount":137,"commentCount":0,"image":{"@id":"https:\/\/www.wellouej.com\/blog\/inauguration-de-notre-nouveau-local-samedi-9-octobre\/#primaryimage"},"thumbnailUrl":"https:\/\/www.wellouej.com\/blog\/wp-content\/uploads\/2021\/10\/portesouvertesn6.jpg","keywords":["centre de ressources ludiques","inauguration","ludoth\u00e8que","maison des jeux"],"articleSection":["Divers"],"inLanguage":"fr-FR","potentialAction":[{"@type":"CommentAction","name":"Comment","target":["https:\/\/www.wellouej.com\/blog\/inauguration-de-notre-nouveau-local-samedi-9-octobre\/#respond"]}]},{"@type":"WebPage","@id":"https:\/\/www.wellouej.com\/blog\/inauguration-de-notre-nouveau-local-samedi-9-octobre\/","url":"https:\/\/www.wellouej.com\/blog\/inauguration-de-notre-nouveau-local-samedi-9-octobre\/","name":"Inauguration de notre nouveau local - samedi 9 octobre - Association Wellou\u00ebj","isPartOf":{"@id":"https:\/\/www.wellouej.com\/blog\/#website"},"primaryImageOfPage":{"@id":"https:\/\/www.wellouej.com\/blog\/inauguration-de-notre-nouveau-local-samedi-9-octobre\/#primaryimage"},"image":{"@id":"https:\/\/www.wellouej.com\/blog\/inauguration-de-notre-nouveau-local-samedi-9-octobre\/#primaryimage"},"thumbnailUrl":"https:\/\/www.wellouej.com\/blog\/wp-content\/uploads\/2021\/10\/portesouvertesn6.jpg","datePublished":"2021-10-08T15:12:31+00:00","author":{"@id":"https:\/\/www.wellouej.com\/blog\/#\/schema\/person\/36f74501f45110026733635348eea9ac"},"description":"Inauguration de notre nouveau local \"num\u00e9ro 6\" ce samedi de 10h00 \u00e0 18h00.Nous sommes tous invit\u00e9s \u00e0 venir jouer et d\u00e9couvrir ce nouvel ...","inLanguage":"fr-FR","potentialAction":[{"@type":"ReadAction","target":["https:\/\/www.wellouej.com\/blog\/inauguration-de-notre-nouveau-local-samedi-9-octobre\/"]}]},{"@type":"ImageObject","inLanguage":"fr-FR","@id":"https:\/\/www.wellouej.com\/blog\/inauguration-de-notre-nouveau-local-samedi-9-octobre\/#primaryimage","url":"https:\/\/www.wellouej.com\/blog\/wp-content\/uploads\/2021\/10\/portesouvertesn6.jpg","contentUrl":"https:\/\/www.wellouej.com\/blog\/wp-content\/uploads\/2021\/10\/portesouvertesn6.jpg","width":1800,"height":1047,"caption":"Inauguration de notre nouveau local"},{"@type":"WebSite","@id":"https:\/\/www.wellouej.com\/blog\/#website","url":"https:\/\/www.wellouej.com\/blog\/","name":"Association Wellou\u00ebj","description":"Location de jeux traditionnels en bois, jeux anciens, et jeux du monde \u00e0 Lille","potentialAction":[{"@type":"SearchAction","target":{"@type":"EntryPoint","urlTemplate":"https:\/\/www.wellouej.com\/blog\/?s={search_term_string}"},"query-input":{"@type":"PropertyValueSpecification","valueRequired":true,"valueName":"search_term_string"}}],"inLanguage":"fr-FR"},{"@type":"Person","@id":"https:\/\/www.wellouej.com\/blog\/#\/schema\/person\/36f74501f45110026733635348eea9ac","name":"Association Wellou\u00ebj","image":{"@type":"ImageObject","inLanguage":"fr-FR","@id":"https:\/\/secure.gravatar.com\/avatar\/32b04dc033ef892452c3bca30cffa407b2b847bd8eafac9b3544de1eae36441c?s=96&d=mm&r=g","url":"https:\/\/secure.gravatar.com\/avatar\/32b04dc033ef892452c3bca30cffa407b2b847bd8eafac9b3544de1eae36441c?s=96&d=mm&r=g","contentUrl":"https:\/\/secure.gravatar.com\/avatar\/32b04dc033ef892452c3bca30cffa407b2b847bd8eafac9b3544de1eae36441c?s=96&d=mm&r=g","caption":"Association Wellou\u00ebj"},"sameAs":["http:\/\/www.wellouej.com"]}]}},"_links":{"self":[{"href":"https:\/\/www.wellouej.com\/blog\/wp-json\/wp\/v2\/posts\/12471","targetHints":{"allow":["GET"]}}],"collection":[{"href":"https:\/\/www.wellouej.com\/blog\/wp-json\/wp\/v2\/posts"}],"about":[{"href":"https:\/\/www.wellouej.com\/blog\/wp-json\/wp\/v2\/types\/post"}],"author":[{"embeddable":true,"href":"https:\/\/www.wellouej.com\/blog\/wp-json\/wp\/v2\/users\/4"}],"replies":[{"embeddable":true,"href":"https:\/\/www.wellouej.com\/blog\/wp-json\/wp\/v2\/comments?post=12471"}],"version-history":[{"count":0,"href":"https:\/\/www.wellouej.com\/blog\/wp-json\/wp\/v2\/posts\/12471\/revisions"}],"wp:featuredmedia":[{"embeddable":true,"href":"https:\/\/www.wellouej.com\/blog\/wp-json\/wp\/v2\/media\/12473"}],"wp:attachment":[{"href":"https:\/\/www.wellouej.com\/blog\/wp-json\/wp\/v2\/media?parent=12471"}],"wp:term":[{"taxonomy":"category","embeddable":true,"href":"https:\/\/www.wellouej.com\/blog\/wp-json\/wp\/v2\/categories?post=12471"},{"taxonomy":"post_tag","embeddable":true,"href":"https:\/\/www.wellouej.com\/blog\/wp-json\/wp\/v2\/tags?post=12471"}],"curies":[{"name":"wp","href":"https:\/\/api.w.org\/{rel}","templated":true}]}}